{"id":12592,"date":"2024-03-31T12:28:21","date_gmt":"2024-03-31T10:28:21","guid":{"rendered":"https:\/\/www.dinardemeraudetourisme.com\/blog-neuigkeiten\/"},"modified":"2025-01-22T19:32:04","modified_gmt":"2025-01-22T18:32:04","slug":"welche-ist-die-beste-reisezeit-fuer-einen-urlaub-in-der-bretagne","status":"publish","type":"post","link":"https:\/\/www.dinardemeraudetourisme.com\/de\/blog-neuigkeiten\/blog-de\/welche-ist-die-beste-reisezeit-fuer-einen-urlaub-in-der-bretagne\/","title":{"rendered":"Welche ist die beste Reisezeit f\u00fcr einen Urlaub in der Bretagne?"},"content":{"rendered":"\n<p>Wann sollte man an der Smaragdk\u00fcste Urlaub machen? Wird das Wetter w\u00e4hrend Ihres Urlaubs in Dinard sch\u00f6n sein? Dies ist wahrscheinlich eine Frage, die Sie sich stellen, bevor Sie Ihren Aufenthalt buchen! Wir helfen Ihnen, die beste Zeit f\u00fcr Ihren Urlaub in der Bretagne zu w\u00e4hlen.<\/p>\n\n\n\n<h2 class=\"wp-block-heading\">Zu jeder Jahreszeit ein Erlebnis<\/h2>\n\n\n\n<h3 class=\"wp-block-heading\">Im Fr\u00fchling<\/h3>\n\n\n\n<p>Der Fr\u00fchling in der Bretagne ist eine ideale Zeit f\u00fcr Naturliebhaber. Die Temperaturen beginnen sich zu erw\u00e4rmen und die Gegend ist mit bl\u00fchenden G\u00e4rten, Feldern und Heidefl\u00e4chen in leuchtenden Farben geschm\u00fcckt. Es ist auch die perfekte Jahreszeit, um entlang der K\u00fcstenwege zu wandern, botanische G\u00e4rten zu erkunden und lokale Kulturfestivals zu genie\u00dfen.<\/p>\n\n\n\n<p>Verpassen Sie nicht unsere spezielle\u00a0<strong><a href=\"https:\/\/www.dinardemeraudetourisme.com\/de\/explorer\/printemps-dinard-cote-emeraude\/\" target=\"_blank\" rel=\"noreferrer noopener\">Seite \u201eGenie\u00dfen Sie den Fr\u00fchling\u201c.<\/a><\/strong><\/p>\n\n\n\n<figure class=\"wp-block-image size-large\"><img loading=\"lazy\" decoding=\"async\" width=\"1024\" height=\"683\" src=\"https:\/\/www.dinardemeraudetourisme.com\/app\/uploads\/2024\/03\/printemps-malouiniere-du-montmarin-pleurtuit-cc-renaud-photographie-1024x683.jpg\" alt=\"L'une des meilleures p\u00e9riodes pour des vacances en Bretagne est le printemps pour profiter de la nature qui se r\u00e9g\u00e9n\u00e8re, comme par exemple dans le jardin de la Malouini\u00e8re Du Montmarin \u00e0 Pleurtuit, sur les bords de l'estuaire de la Rance, en Bretagne.\" class=\"wp-image-347\" srcset=\"https:\/\/www.dinardemeraudetourisme.com\/app\/uploads\/2024\/03\/printemps-malouiniere-du-montmarin-pleurtuit-cc-renaud-photographie-1024x683.jpg 1024w, https:\/\/www.dinardemeraudetourisme.com\/app\/uploads\/2024\/03\/printemps-malouiniere-du-montmarin-pleurtuit-cc-renaud-photographie-300x200.jpg 300w, https:\/\/www.dinardemeraudetourisme.com\/app\/uploads\/2024\/03\/printemps-malouiniere-du-montmarin-pleurtuit-cc-renaud-photographie-768x512.jpg 768w, https:\/\/www.dinardemeraudetourisme.com\/app\/uploads\/2024\/03\/printemps-malouiniere-du-montmarin-pleurtuit-cc-renaud-photographie-1536x1024.jpg 1536w, https:\/\/www.dinardemeraudetourisme.com\/app\/uploads\/2024\/03\/printemps-malouiniere-du-montmarin-pleurtuit-cc-renaud-photographie-2048x1365.jpg 2048w, https:\/\/www.dinardemeraudetourisme.com\/app\/uploads\/2024\/03\/printemps-malouiniere-du-montmarin-pleurtuit-cc-renaud-photographie-20x13.jpg 20w, https:\/\/www.dinardemeraudetourisme.com\/app\/uploads\/2024\/03\/printemps-malouiniere-du-montmarin-pleurtuit-cc-renaud-photographie-50x33.jpg 50w, https:\/\/www.dinardemeraudetourisme.com\/app\/uploads\/2024\/03\/printemps-malouiniere-du-montmarin-pleurtuit-cc-renaud-photographie-45x30.jpg 45w, https:\/\/www.dinardemeraudetourisme.com\/app\/uploads\/2024\/03\/printemps-malouiniere-du-montmarin-pleurtuit-cc-renaud-photographie-60x40.jpg 60w, https:\/\/www.dinardemeraudetourisme.com\/app\/uploads\/2024\/03\/printemps-malouiniere-du-montmarin-pleurtuit-cc-renaud-photographie-80x53.jpg 80w, https:\/\/www.dinardemeraudetourisme.com\/app\/uploads\/2024\/03\/printemps-malouiniere-du-montmarin-pleurtuit-cc-renaud-photographie-110x73.jpg 110w, https:\/\/www.dinardemeraudetourisme.com\/app\/uploads\/2024\/03\/printemps-malouiniere-du-montmarin-pleurtuit-cc-renaud-photographie-160x107.jpg 160w, https:\/\/www.dinardemeraudetourisme.com\/app\/uploads\/2024\/03\/printemps-malouiniere-du-montmarin-pleurtuit-cc-renaud-photographie-250x167.jpg 250w, https:\/\/www.dinardemeraudetourisme.com\/app\/uploads\/2024\/03\/printemps-malouiniere-du-montmarin-pleurtuit-cc-renaud-photographie-1200x800.jpg 1200w, https:\/\/www.dinardemeraudetourisme.com\/app\/uploads\/2024\/03\/printemps-malouiniere-du-montmarin-pleurtuit-cc-renaud-photographie-1800x1200.jpg 1800w\" sizes=\"auto, (max-width: 1024px) 100vw, 1024px\" \/><\/figure>\n\n\n\n<h3 class=\"wp-block-heading\"><br>Im Sommer<\/h3>\n\n\n\n<p>Ab Juni herrschen angenehme Temperaturen und lange Tage, sodass Sie die herrlichen Str\u00e4nde der Region in vollen Z\u00fcgen genie\u00dfen k\u00f6nnen. Auch Sommerfeste, M\u00e4rkte unter freiem Himmel und Wasseraktivit\u00e4ten wie Segeln und Surfen erfreuen sich in dieser Jahreszeit gro\u00dfer Beliebtheit.<br><br>Befolgen Sie unsere Tipps f\u00fcr\u00a0<strong><a href=\"https:\/\/www.dinardemeraudetourisme.com\/de\/explorer\/un-ete-sur-la-cote-demeraude\/\" target=\"_blank\" rel=\"noreferrer noopener\">einen Sommer an der Smaragdk\u00fcste<\/a>\u00a0.<\/strong><\/p>\n\n\n\n<figure class=\"wp-block-image size-large\"><img loading=\"lazy\" decoding=\"async\" width=\"1024\" height=\"683\" src=\"https:\/\/www.dinardemeraudetourisme.com\/app\/uploads\/2024\/03\/ete-dinard-cc-a.-lamoureux-1024x683.jpg\" alt=\"L'une des meilleures p\u00e9riodes pour des vacances en Bretagne est l'\u00e9t\u00e9 pour profiter par exemple de la Piscine d'eau de mer situ\u00e9e \u00e0 Dinard au bord de la plage. De l'autre c\u00f4t\u00e9 de la plage, les villas de la Pointe de la Malouine se trouve au dessus du sentier c\u00f4tier.\" class=\"wp-image-351\" srcset=\"https:\/\/www.dinardemeraudetourisme.com\/app\/uploads\/2024\/03\/ete-dinard-cc-a.-lamoureux-1024x683.jpg 1024w, https:\/\/www.dinardemeraudetourisme.com\/app\/uploads\/2024\/03\/ete-dinard-cc-a.-lamoureux-300x200.jpg 300w, https:\/\/www.dinardemeraudetourisme.com\/app\/uploads\/2024\/03\/ete-dinard-cc-a.-lamoureux-768x512.jpg 768w, https:\/\/www.dinardemeraudetourisme.com\/app\/uploads\/2024\/03\/ete-dinard-cc-a.-lamoureux-1536x1025.jpg 1536w, https:\/\/www.dinardemeraudetourisme.com\/app\/uploads\/2024\/03\/ete-dinard-cc-a.-lamoureux-20x13.jpg 20w, https:\/\/www.dinardemeraudetourisme.com\/app\/uploads\/2024\/03\/ete-dinard-cc-a.-lamoureux-50x33.jpg 50w, https:\/\/www.dinardemeraudetourisme.com\/app\/uploads\/2024\/03\/ete-dinard-cc-a.-lamoureux-45x30.jpg 45w, https:\/\/www.dinardemeraudetourisme.com\/app\/uploads\/2024\/03\/ete-dinard-cc-a.-lamoureux-60x40.jpg 60w, https:\/\/www.dinardemeraudetourisme.com\/app\/uploads\/2024\/03\/ete-dinard-cc-a.-lamoureux-80x53.jpg 80w, https:\/\/www.dinardemeraudetourisme.com\/app\/uploads\/2024\/03\/ete-dinard-cc-a.-lamoureux-110x73.jpg 110w, https:\/\/www.dinardemeraudetourisme.com\/app\/uploads\/2024\/03\/ete-dinard-cc-a.-lamoureux-160x107.jpg 160w, https:\/\/www.dinardemeraudetourisme.com\/app\/uploads\/2024\/03\/ete-dinard-cc-a.-lamoureux-250x167.jpg 250w, https:\/\/www.dinardemeraudetourisme.com\/app\/uploads\/2024\/03\/ete-dinard-cc-a.-lamoureux-1199x800.jpg 1199w, https:\/\/www.dinardemeraudetourisme.com\/app\/uploads\/2024\/03\/ete-dinard-cc-a.-lamoureux-1799x1200.jpg 1799w, https:\/\/www.dinardemeraudetourisme.com\/app\/uploads\/2024\/03\/ete-dinard-cc-a.-lamoureux.jpg 1920w\" sizes=\"auto, (max-width: 1024px) 100vw, 1024px\" \/><\/figure>\n\n\n\n<h3 class=\"wp-block-heading\"><br>Im Herbst<\/h3>\n\n\n\n<p>Der Herbst in der Bretagne ist eine Zeit, in der sich die Landschaften in Gold- und Rott\u00f6ne verwandeln. Die Temperaturen bleiben mild und machen es zu einer idealen Jahreszeit, um die Region zu Fu\u00df oder mit dem Fahrrad zu erkunden, insbesondere entlang der K\u00fcstenwege.\u00a0<br><br>Kommst du im Herbst? Wir haben einen Leitfaden vorbereitet,\u00a0<a href=\"https:\/\/www.dinardemeraudetourisme.com\/de\/explorer\/venir-en-automne\/\" target=\"_blank\" rel=\"noreferrer noopener\"><strong>damit Sie nichts verpassen.<\/strong><\/a><\/p>\n\n\n\n<figure class=\"wp-block-image size-large\"><img loading=\"lazy\" decoding=\"async\" width=\"1024\" height=\"683\" src=\"https:\/\/www.dinardemeraudetourisme.com\/app\/uploads\/2024\/03\/automne-dinard-cc-a.-lamoureux-1024x683.jpg\" alt=\"Un couple avec ses enfants se balade sur la digue de l'Ecluse \u00e0 Dinard, en Bretagne. La digue pi\u00e9tonne permet de se balade entre la mer, les caf\u00e9s et bar et le Palais des Arts et des Festival. Une promenade adapt\u00e9e \u00e0 tous et facile d'acc\u00e8s.\" class=\"wp-image-349\" srcset=\"https:\/\/www.dinardemeraudetourisme.com\/app\/uploads\/2024\/03\/automne-dinard-cc-a.-lamoureux-1024x683.jpg 1024w, https:\/\/www.dinardemeraudetourisme.com\/app\/uploads\/2024\/03\/automne-dinard-cc-a.-lamoureux-300x200.jpg 300w, https:\/\/www.dinardemeraudetourisme.com\/app\/uploads\/2024\/03\/automne-dinard-cc-a.-lamoureux-768x512.jpg 768w, https:\/\/www.dinardemeraudetourisme.com\/app\/uploads\/2024\/03\/automne-dinard-cc-a.-lamoureux-1536x1024.jpg 1536w, https:\/\/www.dinardemeraudetourisme.com\/app\/uploads\/2024\/03\/automne-dinard-cc-a.-lamoureux-20x13.jpg 20w, https:\/\/www.dinardemeraudetourisme.com\/app\/uploads\/2024\/03\/automne-dinard-cc-a.-lamoureux-50x33.jpg 50w, https:\/\/www.dinardemeraudetourisme.com\/app\/uploads\/2024\/03\/automne-dinard-cc-a.-lamoureux-45x30.jpg 45w, https:\/\/www.dinardemeraudetourisme.com\/app\/uploads\/2024\/03\/automne-dinard-cc-a.-lamoureux-60x40.jpg 60w, https:\/\/www.dinardemeraudetourisme.com\/app\/uploads\/2024\/03\/automne-dinard-cc-a.-lamoureux-80x53.jpg 80w, https:\/\/www.dinardemeraudetourisme.com\/app\/uploads\/2024\/03\/automne-dinard-cc-a.-lamoureux-110x73.jpg 110w, https:\/\/www.dinardemeraudetourisme.com\/app\/uploads\/2024\/03\/automne-dinard-cc-a.-lamoureux-160x107.jpg 160w, https:\/\/www.dinardemeraudetourisme.com\/app\/uploads\/2024\/03\/automne-dinard-cc-a.-lamoureux-250x167.jpg 250w, https:\/\/www.dinardemeraudetourisme.com\/app\/uploads\/2024\/03\/automne-dinard-cc-a.-lamoureux-1200x800.jpg 1200w, https:\/\/www.dinardemeraudetourisme.com\/app\/uploads\/2024\/03\/automne-dinard-cc-a.-lamoureux-1800x1200.jpg 1800w, https:\/\/www.dinardemeraudetourisme.com\/app\/uploads\/2024\/03\/automne-dinard-cc-a.-lamoureux.jpg 1920w\" sizes=\"auto, (max-width: 1024px) 100vw, 1024px\" \/><\/figure>\n\n\n\n<h3 class=\"wp-block-heading\"><br>Im Winter<\/h3>\n\n\n\n<p>Der Winter in der Bretagne ist mild und im Vergleich zu anderen Regionen Frankreichs relativ mild. Obwohl die Temperaturen k\u00fchler sind, herrscht in dieser Jahreszeit eine ruhige und friedliche Atmosph\u00e4re.\u00a0<br>Es ist die perfekte Zeit, um die malerischen St\u00e4dte und D\u00f6rfer der Region zu erkunden, die wohltuende lokale K\u00fcche in gem\u00fctlichen Restaurants zu probieren und die wilde K\u00fcstenlandschaft zu genie\u00dfen.\u00a0<br><br>Verbringen Sie\u00a0<strong><a href=\"https:\/\/www.dinardemeraudetourisme.com\/de\/explorer\/hiver-a-la-mer\/\">einen Winter am Meer<\/a><\/strong>\u00a0in Dinard C\u00f4te d\u2019\u00c9meraude.<\/p>\n\n\n\n<figure class=\"wp-block-image\"><img loading=\"lazy\" decoding=\"async\" width=\"2560\" height=\"1708\" src=\"https:\/\/www.dinardemeraudetourisme.com\/app\/uploads\/2024\/03\/hiver-lancieux-cc-french-wanderers-scaled.jpg\" alt=\"Winterfoto von Tertre Corlieu und dem Briantais-Strand in Lancieux. Eine von hinten gesehene Frau geht auf einem kleinen Pfad mit wei\u00dfen Reflexen vom Frost. Der Weg ist gut markiert und auf beiden Seiten reichen die Sandd\u00fcnen bis zum Meer. Auf der anderen Seite der Bucht von Lancieux liegt das Dorf Saint-Jacut de la Mer.\" class=\"wp-image-353\" srcset=\"https:\/\/www.dinardemeraudetourisme.com\/app\/uploads\/2024\/03\/hiver-lancieux-cc-french-wanderers-scaled.jpg 2560w, https:\/\/www.dinardemeraudetourisme.com\/app\/uploads\/2024\/03\/hiver-lancieux-cc-french-wanderers-scaled-300x200.jpg 300w, https:\/\/www.dinardemeraudetourisme.com\/app\/uploads\/2024\/03\/hiver-lancieux-cc-french-wanderers-scaled-1024x683.jpg 1024w, https:\/\/www.dinardemeraudetourisme.com\/app\/uploads\/2024\/03\/hiver-lancieux-cc-french-wanderers-scaled-768x512.jpg 768w, https:\/\/www.dinardemeraudetourisme.com\/app\/uploads\/2024\/03\/hiver-lancieux-cc-french-wanderers-scaled-1536x1025.jpg 1536w, https:\/\/www.dinardemeraudetourisme.com\/app\/uploads\/2024\/03\/hiver-lancieux-cc-french-wanderers-scaled-2048x1366.jpg 2048w, https:\/\/www.dinardemeraudetourisme.com\/app\/uploads\/2024\/03\/hiver-lancieux-cc-french-wanderers-scaled-20x13.jpg 20w, https:\/\/www.dinardemeraudetourisme.com\/app\/uploads\/2024\/03\/hiver-lancieux-cc-french-wanderers-scaled-50x33.jpg 50w, https:\/\/www.dinardemeraudetourisme.com\/app\/uploads\/2024\/03\/hiver-lancieux-cc-french-wanderers-scaled-45x30.jpg 45w, https:\/\/www.dinardemeraudetourisme.com\/app\/uploads\/2024\/03\/hiver-lancieux-cc-french-wanderers-scaled-60x40.jpg 60w, https:\/\/www.dinardemeraudetourisme.com\/app\/uploads\/2024\/03\/hiver-lancieux-cc-french-wanderers-scaled-80x53.jpg 80w, https:\/\/www.dinardemeraudetourisme.com\/app\/uploads\/2024\/03\/hiver-lancieux-cc-french-wanderers-scaled-110x73.jpg 110w, https:\/\/www.dinardemeraudetourisme.com\/app\/uploads\/2024\/03\/hiver-lancieux-cc-french-wanderers-scaled-160x107.jpg 160w, https:\/\/www.dinardemeraudetourisme.com\/app\/uploads\/2024\/03\/hiver-lancieux-cc-french-wanderers-scaled-250x167.jpg 250w, https:\/\/www.dinardemeraudetourisme.com\/app\/uploads\/2024\/03\/hiver-lancieux-cc-french-wanderers-scaled-1199x800.jpg 1199w, https:\/\/www.dinardemeraudetourisme.com\/app\/uploads\/2024\/03\/hiver-lancieux-cc-french-wanderers-scaled-1799x1200.jpg 1799w\" sizes=\"auto, (max-width: 2560px) 100vw, 2560px\" \/><\/figure>\n\n\n\n<figure class=\"wp-block-image size-large\"><img loading=\"lazy\" decoding=\"async\" width=\"2560\" height=\"1708\" src=\"https:\/\/www.dinardemeraudetourisme.com\/app\/uploads\/2024\/03\/hiver-lancieux-cc-french-wanderers-scaled.jpg\" alt=\"Photo en hiver du Tertre Corlieu et la plage des Briantais \u00e0 Lancieux. Une femme vue de dos marche sur un petit chemin aux reflets blancs du givre. Le chemin est bien d\u00e9limit\u00e9 et des deux c\u00f4t\u00e9s, les dunes sableuses s'\u00e9tendent jusqu'\u00e0 la mer. De l'autre c\u00f4t\u00e9 de la baie de Lancieux se trouve le village de Saint-Jacut de la Mer.\" class=\"wp-image-353\" srcset=\"https:\/\/www.dinardemeraudetourisme.com\/app\/uploads\/2024\/03\/hiver-lancieux-cc-french-wanderers-scaled.jpg 2560w, https:\/\/www.dinardemeraudetourisme.com\/app\/uploads\/2024\/03\/hiver-lancieux-cc-french-wanderers-scaled-300x200.jpg 300w, https:\/\/www.dinardemeraudetourisme.com\/app\/uploads\/2024\/03\/hiver-lancieux-cc-french-wanderers-scaled-1024x683.jpg 1024w, https:\/\/www.dinardemeraudetourisme.com\/app\/uploads\/2024\/03\/hiver-lancieux-cc-french-wanderers-scaled-768x512.jpg 768w, https:\/\/www.dinardemeraudetourisme.com\/app\/uploads\/2024\/03\/hiver-lancieux-cc-french-wanderers-scaled-1536x1025.jpg 1536w, https:\/\/www.dinardemeraudetourisme.com\/app\/uploads\/2024\/03\/hiver-lancieux-cc-french-wanderers-scaled-2048x1366.jpg 2048w, https:\/\/www.dinardemeraudetourisme.com\/app\/uploads\/2024\/03\/hiver-lancieux-cc-french-wanderers-scaled-20x13.jpg 20w, https:\/\/www.dinardemeraudetourisme.com\/app\/uploads\/2024\/03\/hiver-lancieux-cc-french-wanderers-scaled-50x33.jpg 50w, https:\/\/www.dinardemeraudetourisme.com\/app\/uploads\/2024\/03\/hiver-lancieux-cc-french-wanderers-scaled-45x30.jpg 45w, https:\/\/www.dinardemeraudetourisme.com\/app\/uploads\/2024\/03\/hiver-lancieux-cc-french-wanderers-scaled-60x40.jpg 60w, https:\/\/www.dinardemeraudetourisme.com\/app\/uploads\/2024\/03\/hiver-lancieux-cc-french-wanderers-scaled-80x53.jpg 80w, https:\/\/www.dinardemeraudetourisme.com\/app\/uploads\/2024\/03\/hiver-lancieux-cc-french-wanderers-scaled-110x73.jpg 110w, https:\/\/www.dinardemeraudetourisme.com\/app\/uploads\/2024\/03\/hiver-lancieux-cc-french-wanderers-scaled-160x107.jpg 160w, https:\/\/www.dinardemeraudetourisme.com\/app\/uploads\/2024\/03\/hiver-lancieux-cc-french-wanderers-scaled-250x167.jpg 250w, https:\/\/www.dinardemeraudetourisme.com\/app\/uploads\/2024\/03\/hiver-lancieux-cc-french-wanderers-scaled-1199x800.jpg 1199w, https:\/\/www.dinardemeraudetourisme.com\/app\/uploads\/2024\/03\/hiver-lancieux-cc-french-wanderers-scaled-1799x1200.jpg 1799w\" sizes=\"auto, (max-width: 2560px) 100vw, 2560px\" \/><\/figure>\n\n\n\n<h2 class=\"wp-block-heading\"><br>Temperaturen Monat f\u00fcr Monat in der Bretagne<\/h2>\n\n\n\n<p>Die Wetterstation Dinard befindet sich am Flughafen Dinard-Pleurtuit. Die erhobenen Zahlen umfassen den Zeitraum von 1981 bis 2023.<\/p>\n\n\n\n<figure class=\"wp-block-table\"><table><tbody><tr><td><\/td><td class=\"has-text-align-center\" data-align=\"center\">MAXIMALE TEMPERATUREN<\/td><td class=\"has-text-align-center\" data-align=\"center\">MINDESTTEMPERATUREN<\/td><td class=\"has-text-align-center\" data-align=\"center\">DURCHSCHNITTLICHE TEMPERATUREN<\/td><\/tr><tr><td>JANUAR<\/td><td class=\"has-text-align-center\" data-align=\"center\">14\u00b0C<\/td><td class=\"has-text-align-center\" data-align=\"center\">-3\u00b0C<\/td><td class=\"has-text-align-center\" data-align=\"center\">7\u00b0C<\/td><\/tr><tr><td>FEBRUAR<\/td><td class=\"has-text-align-center\" data-align=\"center\">15\u00b0C<\/td><td class=\"has-text-align-center\" data-align=\"center\">-2\u00b0C<\/td><td class=\"has-text-align-center\" data-align=\"center\">7\u00b0C<\/td><\/tr><tr><td>MARS<\/td><td class=\"has-text-align-center\" data-align=\"center\">19\u00b0C<\/td><td class=\"has-text-align-center\" data-align=\"center\">0\u00b0C<\/td><td class=\"has-text-align-center\" data-align=\"center\">9\u00b0C<\/td><\/tr><tr><td>APRIL<\/td><td class=\"has-text-align-center\" data-align=\"center\">22\u00b0C<\/td><td class=\"has-text-align-center\" data-align=\"center\">1\u00b0C<\/td><td class=\"has-text-align-center\" data-align=\"center\">11\u00b0C<\/td><\/tr><tr><td>MAI<\/td><td class=\"has-text-align-center\" data-align=\"center\">24\u00b0C<\/td><td class=\"has-text-align-center\" data-align=\"center\">3\u00b0C<\/td><td class=\"has-text-align-center\" data-align=\"center\">13\u00b0C<\/td><\/tr><tr><td>JUNI<\/td><td class=\"has-text-align-center\" data-align=\"center\">29\u00b0C<\/td><td class=\"has-text-align-center\" data-align=\"center\">7\u00b0C<\/td><td class=\"has-text-align-center\" data-align=\"center\">16\u00b0C<\/td><\/tr><tr><td>JULI<\/td><td class=\"has-text-align-center\" data-align=\"center\">32\u00b0C<\/td><td class=\"has-text-align-center\" data-align=\"center\">9\u00b0C<\/td><td class=\"has-text-align-center\" data-align=\"center\">18\u00b0C<\/td><\/tr><tr><td>AUGUST<\/td><td class=\"has-text-align-center\" data-align=\"center\">30\u00b0C<\/td><td class=\"has-text-align-center\" data-align=\"center\">9\u00b0C<\/td><td class=\"has-text-align-center\" data-align=\"center\">18\u00b0C<\/td><\/tr><tr><td>SEPTEMBER<\/td><td class=\"has-text-align-center\" data-align=\"center\">28\u00b0C<\/td><td class=\"has-text-align-center\" data-align=\"center\">7\u00b0C<\/td><td class=\"has-text-align-center\" data-align=\"center\">17\u00b0C<\/td><\/tr><tr><td>OKTOBER<\/td><td class=\"has-text-align-center\" data-align=\"center\">23\u00b0C<\/td><td class=\"has-text-align-center\" data-align=\"center\">4\u00b0C<\/td><td class=\"has-text-align-center\" data-align=\"center\">14\u00b0C<\/td><\/tr><tr><td>NOVEMBER<\/td><td class=\"has-text-align-center\" data-align=\"center\">18\u00b0C<\/td><td class=\"has-text-align-center\" data-align=\"center\">1\u00b0C<\/td><td class=\"has-text-align-center\" data-align=\"center\">10\u00b0C<\/td><\/tr><tr><td>DEZEMBER<\/td><td class=\"has-text-align-center\" data-align=\"center\">15\u00b0C<\/td><td class=\"has-text-align-center\" data-align=\"center\">-2\u00b0C<\/td><td class=\"has-text-align-center\" data-align=\"center\">8\u00b0C<\/td><\/tr><\/tbody><\/table><\/figure>\n\n\n\n<p>Das gesamte Wetter in der Bretagne:\u00a0<strong><a href=\"http:\/\/meteofrance.com\/previsions-meteo-france\/bretagne\/5\" target=\"_blank\" rel=\"noreferrer noopener\">M\u00e9t\u00e9o France.<\/a><\/strong><\/p>\n\n\n\n<h2 class=\"wp-block-heading\"><br>Sonnenschein in der Bretagne<\/h2>\n\n\n\n<p>Im Durchschnitt betr\u00e4gt die Sonnenscheindauer in Dinard&nbsp;<strong>1869 Stunden<\/strong>&nbsp;pro Jahr. Zum Vergleich: In Paris sind es rund 1700 Stunden pro Jahr.<\/p>\n\n\n\n<h2 class=\"wp-block-heading\"><br>Regnet es in der Bretagne so viel?<\/h2>\n\n\n\n<p class=\"has-text-align-center\">Die Bretagne ist eine Meeresregion und unterliegt daher vor allem an den K\u00fcsten einem gem\u00e4\u00dfigten ozeanischen Klima.<br><br>Allerdings ist der Regen in der Bretagne oft durch zeitweilige Schauer und nicht durch lange Perioden konstanten Regens gekennzeichnet. Im Herbst und Winter kann es h\u00e4ufiger zu Niederschl\u00e4gen kommen.<br><br>In Dinard und an der Smaragdk\u00fcste verzeichnen wir durchschnittlich rund 730 mm Niederschlag pro Jahr.&nbsp;<\/p>\n\n\n\n<p><strong>Wie wir zu Hause sagen: Das Wetter ist jeden Tag sch\u00f6n, mehrmals am Tag!<\/strong><\/p>\n\n\n\n<p>Wir hoffen, dass diese kleinen Informationen Ihnen bei der Wahl der besten Zeit f\u00fcr einen Urlaub in der Bretagne helfen werden. Und wenn Sie immer noch unsicher sind, wann Sie an der Smaragdk\u00fcste Urlaub machen sollen, wissen Sie, dass die Bretagne das ganze Jahr \u00fcber wundersch\u00f6n ist!<\/p>\n","protected":false},"excerpt":{"rendered":"<p>Wann sollte man an der Smaragdk\u00fcste Urlaub machen? Wird das Wetter w\u00e4hrend Ihres Urlaubs in Dinard sch\u00f6n sein? Dies ist wahrscheinlich eine Frage, die Sie sich stellen, bevor Sie Ihren Aufenthalt buchen! Wir helfen Ihnen, die beste Zeit f\u00fcr Ihren Urlaub in der Bretagne zu w\u00e4hlen. Zu jeder Jahreszeit ein Erlebnis Im Fr\u00fchling Der Fr\u00fchling [&hellip;]<\/p>\n","protected":false},"author":1,"featured_media":10450,"comment_status":"open","ping_status":"open","sticky":false,"template":"","format":"standard","meta":{"_acf_changed":false,"footnotes":""},"categories":[56],"tags":[],"class_list":["post-12592","post","type-post","status-publish","format-standard","has-post-thumbnail","hentry","category-blog-de"],"acf":[],"yoast_head":"<!-- This site is optimized with the Yoast SEO plugin v27.1.1 - https:\/\/yoast.com\/product\/yoast-seo-wordpress\/ -->\n<title>Welche ist die beste Reisezeit f\u00fcr einen Urlaub in der Bretagne? - Dinard \u00c9meraude Tourisme<\/title>\n<meta name=\"robots\" content=\"index, follow, max-snippet:-1, max-image-preview:large, max-video-preview:-1\" \/>\n<link rel=\"canonical\" href=\"https:\/\/www.dinardemeraudetourisme.com\/de\/blog-neuigkeiten\/blog-de\/welche-ist-die-beste-reisezeit-fuer-einen-urlaub-in-der-bretagne\/\" \/>\n<meta property=\"og:locale\" content=\"de_DE\" \/>\n<meta property=\"og:type\" content=\"article\" \/>\n<meta property=\"og:title\" content=\"Welche ist die beste Reisezeit f\u00fcr einen Urlaub in der Bretagne? - Dinard \u00c9meraude Tourisme\" \/>\n<meta property=\"og:description\" content=\"Wann sollte man an der Smaragdk\u00fcste Urlaub machen? Wird das Wetter w\u00e4hrend Ihres Urlaubs in Dinard sch\u00f6n sein? Dies ist wahrscheinlich eine Frage, die Sie sich stellen, bevor Sie Ihren Aufenthalt buchen! Wir helfen Ihnen, die beste Zeit f\u00fcr Ihren Urlaub in der Bretagne zu w\u00e4hlen. Zu jeder Jahreszeit ein Erlebnis Im Fr\u00fchling Der Fr\u00fchling [&hellip;]\" \/>\n<meta property=\"og:url\" content=\"https:\/\/www.dinardemeraudetourisme.com\/de\/blog-neuigkeiten\/blog-de\/welche-ist-die-beste-reisezeit-fuer-einen-urlaub-in-der-bretagne\/\" \/>\n<meta property=\"og:site_name\" content=\"Dinard \u00c9meraude Tourisme\" \/>\n<meta property=\"article:published_time\" content=\"2024-03-31T10:28:21+00:00\" \/>\n<meta property=\"article:modified_time\" content=\"2025-01-22T18:32:04+00:00\" \/>\n<meta property=\"og:image\" content=\"https:\/\/www.dinardemeraudetourisme.com\/app\/uploads\/2024\/03\/saint-briac-2023-c-charlotte-longepe-7-scaled.jpg\" \/>\n\t<meta property=\"og:image:width\" content=\"1920\" \/>\n\t<meta property=\"og:image:height\" content=\"2560\" \/>\n\t<meta property=\"og:image:type\" content=\"image\/jpeg\" \/>\n<meta name=\"author\" content=\"Hiboost\" \/>\n<meta name=\"twitter:card\" content=\"summary_large_image\" \/>\n<meta name=\"twitter:label1\" content=\"Verfasst von\" \/>\n\t<meta name=\"twitter:data1\" content=\"Hiboost\" \/>\n\t<meta name=\"twitter:label2\" content=\"Gesch\u00e4tzte Lesezeit\" \/>\n\t<meta name=\"twitter:data2\" content=\"4 minutes\" \/>\n<script type=\"application\/ld+json\" class=\"yoast-schema-graph\">{\"@context\":\"https:\/\/schema.org\",\"@graph\":[{\"@type\":\"Article\",\"@id\":\"https:\/\/www.dinardemeraudetourisme.com\/de\/blog-neuigkeiten\/blog-de\/welche-ist-die-beste-reisezeit-fuer-einen-urlaub-in-der-bretagne\/#article\",\"isPartOf\":{\"@id\":\"https:\/\/www.dinardemeraudetourisme.com\/de\/blog-neuigkeiten\/blog-de\/welche-ist-die-beste-reisezeit-fuer-einen-urlaub-in-der-bretagne\/\"},\"author\":{\"name\":\"Hiboost\",\"@id\":\"https:\/\/www.dinardemeraudetourisme.com\/de\/#\/schema\/person\/ed58397cec26eca92e45f8f5bc10ba2e\"},\"headline\":\"Welche ist die beste Reisezeit f\u00fcr einen Urlaub in der Bretagne?\",\"datePublished\":\"2024-03-31T10:28:21+00:00\",\"dateModified\":\"2025-01-22T18:32:04+00:00\",\"mainEntityOfPage\":{\"@id\":\"https:\/\/www.dinardemeraudetourisme.com\/de\/blog-neuigkeiten\/blog-de\/welche-ist-die-beste-reisezeit-fuer-einen-urlaub-in-der-bretagne\/\"},\"wordCount\":603,\"commentCount\":0,\"image\":{\"@id\":\"https:\/\/www.dinardemeraudetourisme.com\/de\/blog-neuigkeiten\/blog-de\/welche-ist-die-beste-reisezeit-fuer-einen-urlaub-in-der-bretagne\/#primaryimage\"},\"thumbnailUrl\":\"https:\/\/www.dinardemeraudetourisme.com\/app\/uploads\/2024\/03\/saint-briac-2023-c-charlotte-longepe-7-scaled.jpg\",\"articleSection\":[\"Blog\"],\"inLanguage\":\"de-DE\",\"potentialAction\":[{\"@type\":\"CommentAction\",\"name\":\"Comment\",\"target\":[\"https:\/\/www.dinardemeraudetourisme.com\/de\/blog-neuigkeiten\/blog-de\/welche-ist-die-beste-reisezeit-fuer-einen-urlaub-in-der-bretagne\/#respond\"]}]},{\"@type\":\"WebPage\",\"@id\":\"https:\/\/www.dinardemeraudetourisme.com\/de\/blog-neuigkeiten\/blog-de\/welche-ist-die-beste-reisezeit-fuer-einen-urlaub-in-der-bretagne\/\",\"url\":\"https:\/\/www.dinardemeraudetourisme.com\/de\/blog-neuigkeiten\/blog-de\/welche-ist-die-beste-reisezeit-fuer-einen-urlaub-in-der-bretagne\/\",\"name\":\"Welche ist die beste Reisezeit f\u00fcr einen Urlaub in der Bretagne? - Dinard \u00c9meraude Tourisme\",\"isPartOf\":{\"@id\":\"https:\/\/www.dinardemeraudetourisme.com\/de\/#website\"},\"primaryImageOfPage\":{\"@id\":\"https:\/\/www.dinardemeraudetourisme.com\/de\/blog-neuigkeiten\/blog-de\/welche-ist-die-beste-reisezeit-fuer-einen-urlaub-in-der-bretagne\/#primaryimage\"},\"image\":{\"@id\":\"https:\/\/www.dinardemeraudetourisme.com\/de\/blog-neuigkeiten\/blog-de\/welche-ist-die-beste-reisezeit-fuer-einen-urlaub-in-der-bretagne\/#primaryimage\"},\"thumbnailUrl\":\"https:\/\/www.dinardemeraudetourisme.com\/app\/uploads\/2024\/03\/saint-briac-2023-c-charlotte-longepe-7-scaled.jpg\",\"datePublished\":\"2024-03-31T10:28:21+00:00\",\"dateModified\":\"2025-01-22T18:32:04+00:00\",\"author\":{\"@id\":\"https:\/\/www.dinardemeraudetourisme.com\/de\/#\/schema\/person\/ed58397cec26eca92e45f8f5bc10ba2e\"},\"breadcrumb\":{\"@id\":\"https:\/\/www.dinardemeraudetourisme.com\/de\/blog-neuigkeiten\/blog-de\/welche-ist-die-beste-reisezeit-fuer-einen-urlaub-in-der-bretagne\/#breadcrumb\"},\"inLanguage\":\"de-DE\",\"potentialAction\":[{\"@type\":\"ReadAction\",\"target\":[\"https:\/\/www.dinardemeraudetourisme.com\/de\/blog-neuigkeiten\/blog-de\/welche-ist-die-beste-reisezeit-fuer-einen-urlaub-in-der-bretagne\/\"]}]},{\"@type\":\"ImageObject\",\"inLanguage\":\"de-DE\",\"@id\":\"https:\/\/www.dinardemeraudetourisme.com\/de\/blog-neuigkeiten\/blog-de\/welche-ist-die-beste-reisezeit-fuer-einen-urlaub-in-der-bretagne\/#primaryimage\",\"url\":\"https:\/\/www.dinardemeraudetourisme.com\/app\/uploads\/2024\/03\/saint-briac-2023-c-charlotte-longepe-7-scaled.jpg\",\"contentUrl\":\"https:\/\/www.dinardemeraudetourisme.com\/app\/uploads\/2024\/03\/saint-briac-2023-c-charlotte-longepe-7-scaled.jpg\",\"width\":1920,\"height\":2560,\"caption\":\"Un Arc-en-ciel appara\u00eet \u00e0 Saint Briac sur Mer, au milieu d'un ciel gris et une eau vert \u00e9meraude. Un voilier se trouve au mouillage d'une eau paisible. Cr\u00e9dit photo : Charlotte Long\u00e9p\u00e9\"},{\"@type\":\"BreadcrumbList\",\"@id\":\"https:\/\/www.dinardemeraudetourisme.com\/de\/blog-neuigkeiten\/blog-de\/welche-ist-die-beste-reisezeit-fuer-einen-urlaub-in-der-bretagne\/#breadcrumb\",\"itemListElement\":[{\"@type\":\"ListItem\",\"position\":1,\"name\":\"Accueil\",\"item\":\"https:\/\/www.dinardemeraudetourisme.com\/de\/\"},{\"@type\":\"ListItem\",\"position\":2,\"name\":\"Welche ist die beste Reisezeit f\u00fcr einen Urlaub in der Bretagne?\"}]},{\"@type\":\"WebSite\",\"@id\":\"https:\/\/www.dinardemeraudetourisme.com\/de\/#website\",\"url\":\"https:\/\/www.dinardemeraudetourisme.com\/de\/\",\"name\":\"Dinard \u00c9meraude Tourisme\",\"description\":\"\",\"potentialAction\":[{\"@type\":\"SearchAction\",\"target\":{\"@type\":\"EntryPoint\",\"urlTemplate\":\"https:\/\/www.dinardemeraudetourisme.com\/de\/?s={search_term_string}\"},\"query-input\":{\"@type\":\"PropertyValueSpecification\",\"valueRequired\":true,\"valueName\":\"search_term_string\"}}],\"inLanguage\":\"de-DE\"},{\"@type\":\"Person\",\"@id\":\"https:\/\/www.dinardemeraudetourisme.com\/de\/#\/schema\/person\/ed58397cec26eca92e45f8f5bc10ba2e\",\"name\":\"Hiboost\",\"image\":{\"@type\":\"ImageObject\",\"inLanguage\":\"de-DE\",\"@id\":\"https:\/\/www.dinardemeraudetourisme.com\/de\/#\/schema\/person\/image\/\",\"url\":\"https:\/\/secure.gravatar.com\/avatar\/0a82ddb574333c1ebc1278485c625f5e8a1d57c5da17f05c6ccee7d20bc469d6?s=96&d=mm&r=g\",\"contentUrl\":\"https:\/\/secure.gravatar.com\/avatar\/0a82ddb574333c1ebc1278485c625f5e8a1d57c5da17f05c6ccee7d20bc469d6?s=96&d=mm&r=g\",\"caption\":\"Hiboost\"},\"sameAs\":[\"https:\/\/www.dinardemeraudetourisme.com\/wp\"]}]}<\/script>\n<!-- \/ Yoast SEO plugin. -->","yoast_head_json":{"title":"Welche ist die beste Reisezeit f\u00fcr einen Urlaub in der Bretagne? - Dinard \u00c9meraude Tourisme","robots":{"index":"index","follow":"follow","max-snippet":"max-snippet:-1","max-image-preview":"max-image-preview:large","max-video-preview":"max-video-preview:-1"},"canonical":"https:\/\/www.dinardemeraudetourisme.com\/de\/blog-neuigkeiten\/blog-de\/welche-ist-die-beste-reisezeit-fuer-einen-urlaub-in-der-bretagne\/","og_locale":"de_DE","og_type":"article","og_title":"Welche ist die beste Reisezeit f\u00fcr einen Urlaub in der Bretagne? - Dinard \u00c9meraude Tourisme","og_description":"Wann sollte man an der Smaragdk\u00fcste Urlaub machen? Wird das Wetter w\u00e4hrend Ihres Urlaubs in Dinard sch\u00f6n sein? Dies ist wahrscheinlich eine Frage, die Sie sich stellen, bevor Sie Ihren Aufenthalt buchen! Wir helfen Ihnen, die beste Zeit f\u00fcr Ihren Urlaub in der Bretagne zu w\u00e4hlen. Zu jeder Jahreszeit ein Erlebnis Im Fr\u00fchling Der Fr\u00fchling [&hellip;]","og_url":"https:\/\/www.dinardemeraudetourisme.com\/de\/blog-neuigkeiten\/blog-de\/welche-ist-die-beste-reisezeit-fuer-einen-urlaub-in-der-bretagne\/","og_site_name":"Dinard \u00c9meraude Tourisme","article_published_time":"2024-03-31T10:28:21+00:00","article_modified_time":"2025-01-22T18:32:04+00:00","og_image":[{"width":1920,"height":2560,"url":"https:\/\/www.dinardemeraudetourisme.com\/app\/uploads\/2024\/03\/saint-briac-2023-c-charlotte-longepe-7-scaled.jpg","type":"image\/jpeg"}],"author":"Hiboost","twitter_card":"summary_large_image","twitter_misc":{"Verfasst von":"Hiboost","Gesch\u00e4tzte Lesezeit":"4 minutes"},"schema":{"@context":"https:\/\/schema.org","@graph":[{"@type":"Article","@id":"https:\/\/www.dinardemeraudetourisme.com\/de\/blog-neuigkeiten\/blog-de\/welche-ist-die-beste-reisezeit-fuer-einen-urlaub-in-der-bretagne\/#article","isPartOf":{"@id":"https:\/\/www.dinardemeraudetourisme.com\/de\/blog-neuigkeiten\/blog-de\/welche-ist-die-beste-reisezeit-fuer-einen-urlaub-in-der-bretagne\/"},"author":{"name":"Hiboost","@id":"https:\/\/www.dinardemeraudetourisme.com\/de\/#\/schema\/person\/ed58397cec26eca92e45f8f5bc10ba2e"},"headline":"Welche ist die beste Reisezeit f\u00fcr einen Urlaub in der Bretagne?","datePublished":"2024-03-31T10:28:21+00:00","dateModified":"2025-01-22T18:32:04+00:00","mainEntityOfPage":{"@id":"https:\/\/www.dinardemeraudetourisme.com\/de\/blog-neuigkeiten\/blog-de\/welche-ist-die-beste-reisezeit-fuer-einen-urlaub-in-der-bretagne\/"},"wordCount":603,"commentCount":0,"image":{"@id":"https:\/\/www.dinardemeraudetourisme.com\/de\/blog-neuigkeiten\/blog-de\/welche-ist-die-beste-reisezeit-fuer-einen-urlaub-in-der-bretagne\/#primaryimage"},"thumbnailUrl":"https:\/\/www.dinardemeraudetourisme.com\/app\/uploads\/2024\/03\/saint-briac-2023-c-charlotte-longepe-7-scaled.jpg","articleSection":["Blog"],"inLanguage":"de-DE","potentialAction":[{"@type":"CommentAction","name":"Comment","target":["https:\/\/www.dinardemeraudetourisme.com\/de\/blog-neuigkeiten\/blog-de\/welche-ist-die-beste-reisezeit-fuer-einen-urlaub-in-der-bretagne\/#respond"]}]},{"@type":"WebPage","@id":"https:\/\/www.dinardemeraudetourisme.com\/de\/blog-neuigkeiten\/blog-de\/welche-ist-die-beste-reisezeit-fuer-einen-urlaub-in-der-bretagne\/","url":"https:\/\/www.dinardemeraudetourisme.com\/de\/blog-neuigkeiten\/blog-de\/welche-ist-die-beste-reisezeit-fuer-einen-urlaub-in-der-bretagne\/","name":"Welche ist die beste Reisezeit f\u00fcr einen Urlaub in der Bretagne? - Dinard \u00c9meraude Tourisme","isPartOf":{"@id":"https:\/\/www.dinardemeraudetourisme.com\/de\/#website"},"primaryImageOfPage":{"@id":"https:\/\/www.dinardemeraudetourisme.com\/de\/blog-neuigkeiten\/blog-de\/welche-ist-die-beste-reisezeit-fuer-einen-urlaub-in-der-bretagne\/#primaryimage"},"image":{"@id":"https:\/\/www.dinardemeraudetourisme.com\/de\/blog-neuigkeiten\/blog-de\/welche-ist-die-beste-reisezeit-fuer-einen-urlaub-in-der-bretagne\/#primaryimage"},"thumbnailUrl":"https:\/\/www.dinardemeraudetourisme.com\/app\/uploads\/2024\/03\/saint-briac-2023-c-charlotte-longepe-7-scaled.jpg","datePublished":"2024-03-31T10:28:21+00:00","dateModified":"2025-01-22T18:32:04+00:00","author":{"@id":"https:\/\/www.dinardemeraudetourisme.com\/de\/#\/schema\/person\/ed58397cec26eca92e45f8f5bc10ba2e"},"breadcrumb":{"@id":"https:\/\/www.dinardemeraudetourisme.com\/de\/blog-neuigkeiten\/blog-de\/welche-ist-die-beste-reisezeit-fuer-einen-urlaub-in-der-bretagne\/#breadcrumb"},"inLanguage":"de-DE","potentialAction":[{"@type":"ReadAction","target":["https:\/\/www.dinardemeraudetourisme.com\/de\/blog-neuigkeiten\/blog-de\/welche-ist-die-beste-reisezeit-fuer-einen-urlaub-in-der-bretagne\/"]}]},{"@type":"ImageObject","inLanguage":"de-DE","@id":"https:\/\/www.dinardemeraudetourisme.com\/de\/blog-neuigkeiten\/blog-de\/welche-ist-die-beste-reisezeit-fuer-einen-urlaub-in-der-bretagne\/#primaryimage","url":"https:\/\/www.dinardemeraudetourisme.com\/app\/uploads\/2024\/03\/saint-briac-2023-c-charlotte-longepe-7-scaled.jpg","contentUrl":"https:\/\/www.dinardemeraudetourisme.com\/app\/uploads\/2024\/03\/saint-briac-2023-c-charlotte-longepe-7-scaled.jpg","width":1920,"height":2560,"caption":"Un Arc-en-ciel appara\u00eet \u00e0 Saint Briac sur Mer, au milieu d'un ciel gris et une eau vert \u00e9meraude. Un voilier se trouve au mouillage d'une eau paisible. Cr\u00e9dit photo : Charlotte Long\u00e9p\u00e9"},{"@type":"BreadcrumbList","@id":"https:\/\/www.dinardemeraudetourisme.com\/de\/blog-neuigkeiten\/blog-de\/welche-ist-die-beste-reisezeit-fuer-einen-urlaub-in-der-bretagne\/#breadcrumb","itemListElement":[{"@type":"ListItem","position":1,"name":"Accueil","item":"https:\/\/www.dinardemeraudetourisme.com\/de\/"},{"@type":"ListItem","position":2,"name":"Welche ist die beste Reisezeit f\u00fcr einen Urlaub in der Bretagne?"}]},{"@type":"WebSite","@id":"https:\/\/www.dinardemeraudetourisme.com\/de\/#website","url":"https:\/\/www.dinardemeraudetourisme.com\/de\/","name":"Dinard \u00c9meraude Tourisme","description":"","potentialAction":[{"@type":"SearchAction","target":{"@type":"EntryPoint","urlTemplate":"https:\/\/www.dinardemeraudetourisme.com\/de\/?s={search_term_string}"},"query-input":{"@type":"PropertyValueSpecification","valueRequired":true,"valueName":"search_term_string"}}],"inLanguage":"de-DE"},{"@type":"Person","@id":"https:\/\/www.dinardemeraudetourisme.com\/de\/#\/schema\/person\/ed58397cec26eca92e45f8f5bc10ba2e","name":"Hiboost","image":{"@type":"ImageObject","inLanguage":"de-DE","@id":"https:\/\/www.dinardemeraudetourisme.com\/de\/#\/schema\/person\/image\/","url":"https:\/\/secure.gravatar.com\/avatar\/0a82ddb574333c1ebc1278485c625f5e8a1d57c5da17f05c6ccee7d20bc469d6?s=96&d=mm&r=g","contentUrl":"https:\/\/secure.gravatar.com\/avatar\/0a82ddb574333c1ebc1278485c625f5e8a1d57c5da17f05c6ccee7d20bc469d6?s=96&d=mm&r=g","caption":"Hiboost"},"sameAs":["https:\/\/www.dinardemeraudetourisme.com\/wp"]}]}},"_links":{"self":[{"href":"https:\/\/www.dinardemeraudetourisme.com\/de\/wp-json\/wp\/v2\/posts\/12592","targetHints":{"allow":["GET"]}}],"collection":[{"href":"https:\/\/www.dinardemeraudetourisme.com\/de\/wp-json\/wp\/v2\/posts"}],"about":[{"href":"https:\/\/www.dinardemeraudetourisme.com\/de\/wp-json\/wp\/v2\/types\/post"}],"author":[{"embeddable":true,"href":"https:\/\/www.dinardemeraudetourisme.com\/de\/wp-json\/wp\/v2\/users\/1"}],"replies":[{"embeddable":true,"href":"https:\/\/www.dinardemeraudetourisme.com\/de\/wp-json\/wp\/v2\/comments?post=12592"}],"version-history":[{"count":6,"href":"https:\/\/www.dinardemeraudetourisme.com\/de\/wp-json\/wp\/v2\/posts\/12592\/revisions"}],"predecessor-version":[{"id":12899,"href":"https:\/\/www.dinardemeraudetourisme.com\/de\/wp-json\/wp\/v2\/posts\/12592\/revisions\/12899"}],"wp:featuredmedia":[{"embeddable":true,"href":"https:\/\/www.dinardemeraudetourisme.com\/de\/wp-json\/wp\/v2\/media\/10450"}],"wp:attachment":[{"href":"https:\/\/www.dinardemeraudetourisme.com\/de\/wp-json\/wp\/v2\/media?parent=12592"}],"wp:term":[{"taxonomy":"category","embeddable":true,"href":"https:\/\/www.dinardemeraudetourisme.com\/de\/wp-json\/wp\/v2\/categories?post=12592"},{"taxonomy":"post_tag","embeddable":true,"href":"https:\/\/www.dinardemeraudetourisme.com\/de\/wp-json\/wp\/v2\/tags?post=12592"}],"curies":[{"name":"wp","href":"https:\/\/api.w.org\/{rel}","templated":true}]}}